{"id":264,"date":"2024-05-31T09:42:00","date_gmt":"2024-05-31T09:42:00","guid":{"rendered":"https:\/\/amerika-machen.de\/?p=264"},"modified":"2024-10-14T11:23:40","modified_gmt":"2024-10-14T11:23:40","slug":"264-2","status":"publish","type":"post","link":"https:\/\/amerika-machen.de\/es\/264-2\/","title":{"rendered":"Fallecida:Fundadora de las \u00abMadres de Plaza de Mayo\u00bb."},"content":{"rendered":"\n<p>Nora Corti\u00f1az,, die Gr\u00fcnderin der M\u00fctter verschleppter S\u00f6hne, ist im Alter von 94 Jahren in Mor\u00f3n, nahe bei Buenos Aires, gestorben. Sie war eine Menschenrechtsaktivistin und unerm\u00fcdliche K\u00e4mpferin f\u00fcr das Leben in Argentinien. Durch ihren fortgesetzten Protest, begonnen in der Zeit der Milit\u00e4rdiktatur Argentiniens, haben sich die M\u00fctter von der Plaza Mayo gro\u00dfe Aufmerksamkeit verschafft und sie gelten als moralische Autorit\u00e4t in Buenos Aires Argentinien.<\/p>\n\n\n\n<p>Mehr dazu in der<a href=\"https:\/\/www.dw.com\/de\/gr%C3%BCnderin-der-m%C3%BCtter-der-plaza-de-mayo-gestorben\/a-69230611\" target=\"_blank\" rel=\"noopener\"> Deutschen Welle<\/a> vom 31.5. 2024<\/p>\n","protected":false},"excerpt":{"rendered":"<p>Nora Corti\u00f1az,, die Gr\u00fcnderin der M\u00fctter verschleppter S\u00f6hne, ist im Alter von 94 Jahren in Mor\u00f3n, nahe bei Buenos Aires, gestorben. Sie war eine Menschenrechtsaktivistin und unerm\u00fcdliche K\u00e4mpferin f\u00fcr das Leben in Argentinien. Durch ihren fortgesetzten Protest, begonnen in der Zeit der Milit\u00e4rdiktatur Argentiniens, haben sich die M\u00fctter von der Plaza Mayo gro\u00dfe Aufmerksamkeit verschafft &hellip; <\/p>\n<p class=\"link-more\"><a href=\"https:\/\/amerika-machen.de\/es\/264-2\/\" class=\"more-link\">Leer m\u00e1s<span class=\"screen-reader-text\"> \u00abFallecida:Fundadora de las \u00abMadres de Plaza de Mayo\u00bb.\u00bb<\/span><\/a><\/p>\n","protected":false},"author":1,"featured_media":0,"comment_status":"open","ping_status":"open","sticky":false,"template":"","format":"standard","meta":{"footnotes":""},"categories":[13],"tags":[],"class_list":["post-264","post","type-post","status-publish","format-standard","hentry","category-kultur"],"featured_media_urls":[],"_links":{"self":[{"href":"https:\/\/amerika-machen.de\/es\/wp-json\/wp\/v2\/posts\/264","targetHints":{"allow":["GET"]}}],"collection":[{"href":"https:\/\/amerika-machen.de\/es\/wp-json\/wp\/v2\/posts"}],"about":[{"href":"https:\/\/amerika-machen.de\/es\/wp-json\/wp\/v2\/types\/post"}],"author":[{"embeddable":true,"href":"https:\/\/amerika-machen.de\/es\/wp-json\/wp\/v2\/users\/1"}],"replies":[{"embeddable":true,"href":"https:\/\/amerika-machen.de\/es\/wp-json\/wp\/v2\/comments?post=264"}],"version-history":[{"count":7,"href":"https:\/\/amerika-machen.de\/es\/wp-json\/wp\/v2\/posts\/264\/revisions"}],"predecessor-version":[{"id":981,"href":"https:\/\/amerika-machen.de\/es\/wp-json\/wp\/v2\/posts\/264\/revisions\/981"}],"wp:attachment":[{"href":"https:\/\/amerika-machen.de\/es\/wp-json\/wp\/v2\/media?parent=264"}],"wp:term":[{"taxonomy":"category","embeddable":true,"href":"https:\/\/amerika-machen.de\/es\/wp-json\/wp\/v2\/categories?post=264"},{"taxonomy":"post_tag","embeddable":true,"href":"https:\/\/amerika-machen.de\/es\/wp-json\/wp\/v2\/tags?post=264"}],"curies":[{"name":"wp","href":"https:\/\/api.w.org\/{rel}","templated":true}]}}