{"id":209,"date":"2023-08-31T20:44:50","date_gmt":"2023-08-31T20:44:50","guid":{"rendered":"https:\/\/amerika-machen.de\/?p=209"},"modified":"2024-10-18T14:56:06","modified_gmt":"2024-10-18T14:56:06","slug":"lesung-aus-dem-buch-liesls-eldorado","status":"publish","type":"post","link":"https:\/\/amerika-machen.de\/es\/lesung-aus-dem-buch-liesls-eldorado\/","title":{"rendered":"Lectura de \u00abLiesls Eldorado\u00bb en el Museo de la Granja Jexhof &#8211; exposici\u00f3n especial sobre la emigraci\u00f3n de Baviera en 2023"},"content":{"rendered":"<div class=\"postie-post\">\n<div>\n<div class=\"WordSection1\">\n<pre>En el marco de la exposici\u00f3n especial en el <a href=\"https:\/\/www.jexhof.de\/\" target=\"_blank\" rel=\"noopener\">Museo de la Granja de Jexhof<\/a> sobre el tema de la emigraci\u00f3n de Baviera, le\u00ed un fragmento de mi libro, acompa\u00f1ado por Simon Jaffa al acorde\u00f3n. El herrero en cuesti\u00f3n, mencionado en la exposici\u00f3n, proced\u00eda de la regi\u00f3n de T\u00fcrkenfeld. Es parte de la zona que rodea St Ottilien. Emigr\u00f3 a Argentina y se llamaba Martin Hartl. Por lo tanto, era vecino de Liesl en Eldorado.\n\n<\/pre>\n<p class=\"MsoNormal\"><span lang=\"DE\">\u00a0<\/span><\/p>\n<figure id=\"attachment_518\" style=\"width: 156px\"  class=\"wp-caption alignnone\"><a href=\"https:\/\/www.lra-ffb.de\/aktuelles\/aktuelles\/saison-und-ausstellungseroeffnung-am-jexhof-von-nassenhausen-nach-argentinien\" target=\"_blank\" rel=\"noopener\"><img decoding=\"async\" class=\"wp-image-518 size-medium\" src=\"https:\/\/amerika-machen.de\/wp-content\/uploads\/2023\/08\/Bild-Jexhof-156x300.png\" alt=\"\" width=\"156\" height=\"300\" srcset=\"https:\/\/amerika-machen.de\/wp-content\/uploads\/2023\/08\/Bild-Jexhof-156x300.png 156w, https:\/\/amerika-machen.de\/wp-content\/uploads\/2023\/08\/Bild-Jexhof.png 417w\" sizes=\"(max-width: 156px) 100vw, 156px\" \/><\/a><figcaption class=\"wp-caption-text\">Sonderausstellung im Jexhof 2023: Ein Schmied wandert aus &#8211; und kommt wieder zur\u00fcck. Die Geschichte von Martin Hartl aus Nassenhausen.<\/figcaption><\/figure>\n<p class=\"MsoNormal\"><span lang=\"DE\">\u00a0<\/span><\/p>\n<p class=\"MsoNormal\">\u00a0<\/p>\n<\/div>\n<\/div>\n<\/div>\n\n\n<p><\/p>\n","protected":false},"excerpt":{"rendered":"<p>En el marco de la exposici\u00f3n especial en el Museo de la Granja de Jexhof sobre el tema de la emigraci\u00f3n de Baviera, le\u00ed un fragmento de mi libro, acompa\u00f1ado por Simon Jaffa al acorde\u00f3n. El herrero en cuesti\u00f3n, mencionado en la exposici\u00f3n, proced\u00eda de la regi\u00f3n de T\u00fcrkenfeld. Es parte de la zona que &hellip; <\/p>\n<p class=\"link-more\"><a href=\"https:\/\/amerika-machen.de\/es\/lesung-aus-dem-buch-liesls-eldorado\/\" class=\"more-link\">Leer m\u00e1s<span class=\"screen-reader-text\"> \u00abLectura de \u00abLiesls Eldorado\u00bb en el Museo de la Granja Jexhof &#8211; exposici\u00f3n especial sobre la emigraci\u00f3n de Baviera en 2023\u00bb<\/span><\/a><\/p>\n","protected":false},"author":1,"featured_media":200,"comment_status":"open","ping_status":"open","sticky":false,"template":"","format":"standard","meta":{"footnotes":""},"categories":[11],"tags":[],"class_list":["post-209","post","type-post","status-publish","format-standard","has-post-thumbnail","hentry","category-geschichten"],"featured_media_urls":{"thumbnail":["https:\/\/amerika-machen.de\/wp-content\/uploads\/2023\/08\/image008-e1713338681623-150x150.png",135,135,true],"medium":["https:\/\/amerika-machen.de\/wp-content\/uploads\/2023\/08\/image008-e1713338681623-300x199.png",300,199,true],"medium_large":["https:\/\/amerika-machen.de\/wp-content\/uploads\/2023\/08\/image008-e1713338681623.png",381,253,false],"large":["https:\/\/amerika-machen.de\/wp-content\/uploads\/2023\/08\/image008-e1713338681623.png",381,253,false],"1536x1536":["https:\/\/amerika-machen.de\/wp-content\/uploads\/2023\/08\/image008-e1713338681623.png",381,253,false],"2048x2048":["https:\/\/amerika-machen.de\/wp-content\/uploads\/2023\/08\/image008-e1713338681623.png",381,253,false],"inspiro-featured-image":["https:\/\/amerika-machen.de\/wp-content\/uploads\/2023\/08\/image008-e1713338681623.png",381,253,false],"inspiro-loop":["https:\/\/amerika-machen.de\/wp-content\/uploads\/2023\/08\/image008-381x320.png",381,320,true],"inspiro-loop@2x":["https:\/\/amerika-machen.de\/wp-content\/uploads\/2023\/08\/image008-e1713338681623.png",381,253,false],"portfolio_item-thumbnail":["https:\/\/amerika-machen.de\/wp-content\/uploads\/2023\/08\/image008-e1713338681623.png",381,253,false],"portfolio_item-thumbnail@2x":["https:\/\/amerika-machen.de\/wp-content\/uploads\/2023\/08\/image008-e1713338681623.png",381,253,false],"portfolio_item-masonry":["https:\/\/amerika-machen.de\/wp-content\/uploads\/2023\/08\/image008-e1713338681623.png",381,253,false],"portfolio_item-masonry@2x":["https:\/\/amerika-machen.de\/wp-content\/uploads\/2023\/08\/image008-e1713338681623.png",381,253,false],"portfolio_item-thumbnail_cinema":["https:\/\/amerika-machen.de\/wp-content\/uploads\/2023\/08\/image008-381x335.png",381,335,true],"portfolio_item-thumbnail_portrait":["https:\/\/amerika-machen.de\/wp-content\/uploads\/2023\/08\/image008-e1713338681623.png",381,253,false],"portfolio_item-thumbnail_portrait@2x":["https:\/\/amerika-machen.de\/wp-content\/uploads\/2023\/08\/image008-e1713338681623.png",381,253,false],"portfolio_item-thumbnail_square":["https:\/\/amerika-machen.de\/wp-content\/uploads\/2023\/08\/image008-e1713338681623.png",381,253,false]},"_links":{"self":[{"href":"https:\/\/amerika-machen.de\/es\/wp-json\/wp\/v2\/posts\/209","targetHints":{"allow":["GET"]}}],"collection":[{"href":"https:\/\/amerika-machen.de\/es\/wp-json\/wp\/v2\/posts"}],"about":[{"href":"https:\/\/amerika-machen.de\/es\/wp-json\/wp\/v2\/types\/post"}],"author":[{"embeddable":true,"href":"https:\/\/amerika-machen.de\/es\/wp-json\/wp\/v2\/users\/1"}],"replies":[{"embeddable":true,"href":"https:\/\/amerika-machen.de\/es\/wp-json\/wp\/v2\/comments?post=209"}],"version-history":[{"count":11,"href":"https:\/\/amerika-machen.de\/es\/wp-json\/wp\/v2\/posts\/209\/revisions"}],"predecessor-version":[{"id":1133,"href":"https:\/\/amerika-machen.de\/es\/wp-json\/wp\/v2\/posts\/209\/revisions\/1133"}],"wp:featuredmedia":[{"embeddable":true,"href":"https:\/\/amerika-machen.de\/es\/wp-json\/wp\/v2\/media\/200"}],"wp:attachment":[{"href":"https:\/\/amerika-machen.de\/es\/wp-json\/wp\/v2\/media?parent=209"}],"wp:term":[{"taxonomy":"category","embeddable":true,"href":"https:\/\/amerika-machen.de\/es\/wp-json\/wp\/v2\/categories?post=209"},{"taxonomy":"post_tag","embeddable":true,"href":"https:\/\/amerika-machen.de\/es\/wp-json\/wp\/v2\/tags?post=209"}],"curies":[{"name":"wp","href":"https:\/\/api.w.org\/{rel}","templated":true}]}}